{"id":965,"date":"2012-06-14T00:57:39","date_gmt":"2012-06-14T03:57:39","guid":{"rendered":"https:\/\/ncep.ufpr.br\/?p=965"},"modified":"2012-06-14T01:48:53","modified_gmt":"2012-06-14T04:48:53","slug":"uepg-divulga-programacao-do-xv-seminario-de-inverno-de-estudos-em-comunicacao","status":"publish","type":"post","link":"https:\/\/ncep.ufpr.br\/?p=965","title":{"rendered":"UEPG divulga programa\u00e7\u00e3o do XV Semin\u00e1rio de Inverno de Estudos em Comunica\u00e7\u00e3o"},"content":{"rendered":"<p><a href=http:\/\/portal.uepg.br\/ target=_blank><img loading=\"lazy\" decoding=\"async\" alt=\"\" src=\"http:\/\/testelaje.files.wordpress.com\/2012\/06\/uepg-1.jpg\" title=\"Universidade Estadual de Ponta Grossa\" class=\"alignright\" width=\"244\" height=\"75\" \/><\/a><\/p>\n<div align=justify>\n<p>Promovido pelo curso de Jornalismo, Departamento de Comunica\u00e7\u00e3o e pela Especializa\u00e7\u00e3o em M\u00eddia, Pol\u00edtica e Atores Sociais, o XV Semin\u00e1rio de Inverno de Estudos em Comunica\u00e7\u00e3o da Universidade Estadual de Ponta Grossa (UEPG) reunir\u00e1 autores de 39 trabalhos, 12 institui\u00e7\u00f5es universit\u00e1rias, provenientes de cinco estados (RS, SC, SP e BA, al\u00e9m do PR), de 25 a 29 de junho. A programa\u00e7\u00e3o, que pode ser conferida <a href=http:\/\/portal.uepg.br\/noticias.php?id=2680 target=_blank>aqui<\/a>, ser\u00e1 desenvolvida no Pequeno Audit\u00f3rio do Campus Central da UEPG, das 19 \u00e0s 22h30. Na edi\u00e7\u00e3o 2012, o evento, sem taxa de inscri\u00e7\u00e3o, abordar\u00e1 o tema &#8220;Tend\u00eancias e desafios da segmenta\u00e7\u00e3o jornal\u00edstica&#8221;.<\/p>\n<p>Entre os trabalhos a serem apresentados, estar\u00e3o &#8220;(Re)conhecer os grupos que participam de TV&#8217;s comunit\u00e1rias: um olhar mais regional sobre como essas m\u00eddias est\u00e3o organizadas&#8221; (Manoel Moabis), &#8220;Comunica\u00e7\u00e3o e mobiliza\u00e7\u00e3o pol\u00edtica na internet: uma an\u00e1lise a partir do caso Kony no Caderno Link&#8221; (Jos\u00e9 G. Silva J\u00fanior, Luis A. P. Hangai e Weslley D. Leite) e &#8220;Potencialidades do Portal Comunit\u00e1rio como banco de dados da cobertura jornal\u00edstica da C\u00e2mara Municipal de Ponta Grossa para preserva\u00e7\u00e3o da mem\u00f3ria pol\u00edtica local&#8221; (Hebe M. Oliveira).<\/p>\n<p>Outras informa\u00e7\u00f5es: Ag\u00eancia de Jornalismo UEPG, (42) 3220 3361 ou agenciadejornalismo@uepg.br<\/p>\n<\/div>\n","protected":false},"excerpt":{"rendered":"<p>Promovido pelo curso de Jornalismo, Departamento de Comunica\u00e7\u00e3o e pela Especializa\u00e7\u00e3o em M\u00eddia, Pol\u00edtica e Atores Sociais, o XV Semin\u00e1rio de Inverno de Estudos em Comunica\u00e7\u00e3o da Universidade Estadual de Ponta Grossa (UEPG) reunir\u00e1 autores de 39 trabalhos, 12 institui\u00e7\u00f5es universit\u00e1rias, provenientes de cinco estados (RS, SC, SP e BA, al\u00e9m do PR), de 25 [&hellip;]<\/p>\n","protected":false},"author":3,"featured_media":0,"comment_status":"open","ping_status":"open","sticky":false,"template":"","format":"standard","meta":{"footnotes":""},"categories":[7,15,5],"tags":[],"class_list":["post-965","post","type-post","status-publish","format-standard","hentry","category-jornalismo-comunitario","category-midia-alternativa","category-tv-comunitaria"],"_links":{"self":[{"href":"https:\/\/ncep.ufpr.br\/index.php?rest_route=\/wp\/v2\/posts\/965"}],"collection":[{"href":"https:\/\/ncep.ufpr.br\/index.php?rest_route=\/wp\/v2\/posts"}],"about":[{"href":"https:\/\/ncep.ufpr.br\/index.php?rest_route=\/wp\/v2\/types\/post"}],"author":[{"embeddable":true,"href":"https:\/\/ncep.ufpr.br\/index.php?rest_route=\/wp\/v2\/users\/3"}],"replies":[{"embeddable":true,"href":"https:\/\/ncep.ufpr.br\/index.php?rest_route=%2Fwp%2Fv2%2Fcomments&post=965"}],"version-history":[{"count":10,"href":"https:\/\/ncep.ufpr.br\/index.php?rest_route=\/wp\/v2\/posts\/965\/revisions"}],"predecessor-version":[{"id":975,"href":"https:\/\/ncep.ufpr.br\/index.php?rest_route=\/wp\/v2\/posts\/965\/revisions\/975"}],"wp:attachment":[{"href":"https:\/\/ncep.ufpr.br\/index.php?rest_route=%2Fwp%2Fv2%2Fmedia&parent=965"}],"wp:term":[{"taxonomy":"category","embeddable":true,"href":"https:\/\/ncep.ufpr.br\/index.php?rest_route=%2Fwp%2Fv2%2Fcategories&post=965"},{"taxonomy":"post_tag","embeddable":true,"href":"https:\/\/ncep.ufpr.br\/index.php?rest_route=%2Fwp%2Fv2%2Ftags&post=965"}],"curies":[{"name":"wp","href":"https:\/\/api.w.org\/{rel}","templated":true}]}}