{"id":814,"date":"2012-05-22T23:39:25","date_gmt":"2012-05-23T02:39:25","guid":{"rendered":"https:\/\/ncep.ufpr.br\/?p=814"},"modified":"2012-05-22T23:39:25","modified_gmt":"2012-05-23T02:39:25","slug":"jornal-a-laje-agora-no-facebook","status":"publish","type":"post","link":"https:\/\/ncep.ufpr.br\/?p=814","title":{"rendered":"Jornal A Laje agora no Facebook!"},"content":{"rendered":"<p><a href=\"http:\/\/www.facebook.com\/JornalALaje\" target=\"_blank\"><img decoding=\"async\" class=\"alignleft\" title=\"A Laje no FB\" src=\"http:\/\/testelaje.files.wordpress.com\/2012\/05\/fbanimado.gif\" alt=\"\" width=\"25%\" height=\"25%\" \/><\/a><\/p>\n<div align=justify>O Jornal A Laje est\u00e1 mais pr\u00f3ximo de voc\u00ea! Com uma nova <a href=\"http:\/\/www.facebook.com\/JornalALaje\" target=\"_blank\">p\u00e1gina<\/a> no Facebook e um novo design no seu <a href=\"http:\/\/jornalalaje.wordpress.com\" target=\"_blank\">site<\/a>, o Jornal ganha mais dinamismo e praticidade, publicando not\u00edcias antes da impress\u00e3o. <a href=http:\/\/www.facebook.com\/JornalALaje target=_blank>Curta<\/a> A Laje e conhe\u00e7a mais sobre a popula\u00e7\u00e3o em situa\u00e7\u00e3o de rua.<\/div>\n","protected":false},"excerpt":{"rendered":"<p>O Jornal A Laje est\u00e1 mais pr\u00f3ximo de voc\u00ea! Com uma nova p\u00e1gina no Facebook e um novo design no seu site, o Jornal ganha mais dinamismo e praticidade, publicando not\u00edcias antes da impress\u00e3o. Curta A Laje e conhe\u00e7a mais sobre a popula\u00e7\u00e3o em situa\u00e7\u00e3o de rua.<\/p>\n","protected":false},"author":3,"featured_media":0,"comment_status":"open","ping_status":"open","sticky":false,"template":"","format":"standard","meta":{"footnotes":""},"categories":[6,19,7,15],"tags":[],"class_list":["post-814","post","type-post","status-publish","format-standard","hentry","category-comunicacao-popular","category-democratizacao-da-comunicacao","category-jornalismo-comunitario","category-midia-alternativa"],"_links":{"self":[{"href":"https:\/\/ncep.ufpr.br\/index.php?rest_route=\/wp\/v2\/posts\/814"}],"collection":[{"href":"https:\/\/ncep.ufpr.br\/index.php?rest_route=\/wp\/v2\/posts"}],"about":[{"href":"https:\/\/ncep.ufpr.br\/index.php?rest_route=\/wp\/v2\/types\/post"}],"author":[{"embeddable":true,"href":"https:\/\/ncep.ufpr.br\/index.php?rest_route=\/wp\/v2\/users\/3"}],"replies":[{"embeddable":true,"href":"https:\/\/ncep.ufpr.br\/index.php?rest_route=%2Fwp%2Fv2%2Fcomments&post=814"}],"version-history":[{"count":22,"href":"https:\/\/ncep.ufpr.br\/index.php?rest_route=\/wp\/v2\/posts\/814\/revisions"}],"predecessor-version":[{"id":836,"href":"https:\/\/ncep.ufpr.br\/index.php?rest_route=\/wp\/v2\/posts\/814\/revisions\/836"}],"wp:attachment":[{"href":"https:\/\/ncep.ufpr.br\/index.php?rest_route=%2Fwp%2Fv2%2Fmedia&parent=814"}],"wp:term":[{"taxonomy":"category","embeddable":true,"href":"https:\/\/ncep.ufpr.br\/index.php?rest_route=%2Fwp%2Fv2%2Fcategories&post=814"},{"taxonomy":"post_tag","embeddable":true,"href":"https:\/\/ncep.ufpr.br\/index.php?rest_route=%2Fwp%2Fv2%2Ftags&post=814"}],"curies":[{"name":"wp","href":"https:\/\/api.w.org\/{rel}","templated":true}]}}