{"id":803,"date":"2012-04-23T14:38:06","date_gmt":"2012-04-23T17:38:06","guid":{"rendered":"https:\/\/ncep.ufpr.br\/?p=803"},"modified":"2013-02-07T08:53:40","modified_gmt":"2013-02-07T11:53:40","slug":"oficina-linguagens-jovens-da-periferia","status":"publish","type":"post","link":"https:\/\/ncep.ufpr.br\/?p=803","title":{"rendered":"NCEP lan\u00e7a novo projeto com oficina gratuita"},"content":{"rendered":"<div align=justify><P>A oficina gratuita &#8220;Linguagens Jovens\u00a0da Periferia&#8221; ser\u00e1 promovida pelo NCEP e o Programa de P\u00f3s-Gradua\u00e7\u00e3o em Comunica\u00e7\u00e3o Social da UFPR durante as duas primeiras quintas e sextas de maio. No Departamento de Comunica\u00e7\u00e3o da Federal, o workshop ter\u00e1 atividades te\u00f3ricas e pr\u00e1ticas para montar um blog que divulgar\u00e1 manifesta\u00e7\u00f5es art\u00edsticas da periferia curitibana. Essa montagem est\u00e1 inserida no novo projeto do N\u00facleo, intitulado Central Perif\u00e9rica, cujos detalhes est\u00e3o nesta <a href=https:\/\/ncep.ufpr.br\/?page_id=933 target=_blank>p\u00e1gina<\/a>. Para participar, confira informa\u00e7\u00f5es adicionais na imagem abaixo.<\/P><\/div>\n<p><center><a href=http:\/\/3.bp.blogspot.com\/-vM5auKAll5Q\/T6v6OwDYBDI\/AAAAAAAAABk\/zWLR1_ZmRTU\/s1600\/jovens+periferia.jpg target=_blank><img decoding=\"async\" class=\"aligncenter\" src=\"http:\/\/3.bp.blogspot.com\/-vM5auKAll5Q\/T6v6OwDYBDI\/AAAAAAAAABk\/zWLR1_ZmRTU\/s1600\/jovens+periferia.jpg\" alt=\"\" width=75% height=75% \/><\/a><\/center><\/p>\n<div align=right><font size=1 color=#B8B8B8><em><strong>M\u00e1rio Teixeira<\/strong><\/em><\/font><\/div>\n","protected":false},"excerpt":{"rendered":"<p>A oficina gratuita &#8220;Linguagens Jovens\u00a0da Periferia&#8221; ser\u00e1 promovida pelo NCEP e o Programa de P\u00f3s-Gradua\u00e7\u00e3o em Comunica\u00e7\u00e3o Social da UFPR durante as duas primeiras quintas e sextas de maio. No Departamento de Comunica\u00e7\u00e3o da Federal, o workshop ter\u00e1 atividades te\u00f3ricas e pr\u00e1ticas para montar um blog que divulgar\u00e1 manifesta\u00e7\u00f5es art\u00edsticas da periferia curitibana. Essa montagem [&hellip;]<\/p>\n","protected":false},"author":3,"featured_media":0,"comment_status":"open","ping_status":"open","sticky":false,"template":"","format":"standard","meta":{"footnotes":""},"categories":[15,18,1],"tags":[],"class_list":["post-803","post","type-post","status-publish","format-standard","hentry","category-midia-alternativa","category-ncep","category-ufpr"],"_links":{"self":[{"href":"https:\/\/ncep.ufpr.br\/index.php?rest_route=\/wp\/v2\/posts\/803"}],"collection":[{"href":"https:\/\/ncep.ufpr.br\/index.php?rest_route=\/wp\/v2\/posts"}],"about":[{"href":"https:\/\/ncep.ufpr.br\/index.php?rest_route=\/wp\/v2\/types\/post"}],"author":[{"embeddable":true,"href":"https:\/\/ncep.ufpr.br\/index.php?rest_route=\/wp\/v2\/users\/3"}],"replies":[{"embeddable":true,"href":"https:\/\/ncep.ufpr.br\/index.php?rest_route=%2Fwp%2Fv2%2Fcomments&post=803"}],"version-history":[{"count":17,"href":"https:\/\/ncep.ufpr.br\/index.php?rest_route=\/wp\/v2\/posts\/803\/revisions"}],"predecessor-version":[{"id":2210,"href":"https:\/\/ncep.ufpr.br\/index.php?rest_route=\/wp\/v2\/posts\/803\/revisions\/2210"}],"wp:attachment":[{"href":"https:\/\/ncep.ufpr.br\/index.php?rest_route=%2Fwp%2Fv2%2Fmedia&parent=803"}],"wp:term":[{"taxonomy":"category","embeddable":true,"href":"https:\/\/ncep.ufpr.br\/index.php?rest_route=%2Fwp%2Fv2%2Fcategories&post=803"},{"taxonomy":"post_tag","embeddable":true,"href":"https:\/\/ncep.ufpr.br\/index.php?rest_route=%2Fwp%2Fv2%2Ftags&post=803"}],"curies":[{"name":"wp","href":"https:\/\/api.w.org\/{rel}","templated":true}]}}