{"id":780,"date":"2011-11-30T18:07:25","date_gmt":"2011-11-30T21:07:25","guid":{"rendered":"https:\/\/ncep.ufpr.br\/?p=780"},"modified":"2011-11-30T22:55:23","modified_gmt":"2011-12-01T01:55:23","slug":"ii-seminario-de-comunicacao-e-movimentos-populares","status":"publish","type":"post","link":"https:\/\/ncep.ufpr.br\/?p=780","title":{"rendered":"II Semin\u00e1rio de Comunica\u00e7\u00e3o Popular e Movimentos Sociais"},"content":{"rendered":"<p>No dia sete de dezembro, o NCEP promove o II Semin\u00e1rio de Comunica\u00e7\u00e3o Popular e Movimentos Sociais. O evento ser\u00e1 no pr\u00e9dio do Departamento de Comunica\u00e7\u00e3o Social, durante a tarde e a noite.<\/p>\n<p><strong>Programa\u00e7\u00e3o<\/strong><\/p>\n<ul>\n<li><strong>14h \u2013 16h:<\/strong> Bate-papo com Michele Torinelli, formada em Comunica\u00e7\u00e3o Social pela Universidade Federal do Paran\u00e1. Michele atua no projeto Comunica\u00e7\u00e3o Comunit\u00e1ria na Escola. Ela tem experi\u00eancia na \u00e1rea de Comunica\u00e7\u00e3o, com \u00eanfase em Educomunica\u00e7\u00e3o, M\u00eddia Livre, Comunica\u00e7\u00e3o Popular e Comunit\u00e1ria, e em Gest\u00e3o Colaborativa.<\/li>\n<\/ul>\n<ul>\n<li><strong>19h \u2013 21h:<\/strong> Mesa Redonda com Levi Batera, do Movimento dos Trabalhadores Sem Terra; <em>Leonildo Monteiro<\/em>, membro da\u00a0<em>Coordena\u00e7\u00e3o Nacional<\/em> do Movimento\u00a0<em>Nacional<\/em> de Pessoas em Situa\u00e7\u00e3o de Rua (<em>MNPR<\/em>), e Karina Janz, que j\u00e1 trabalhou com movimento sociais e, atualmente, \u00e9 professora do curso de jornalismo da UEPG. A Mesa ser\u00e1 mediada por Kelly Prudencio, docente do Programa de P\u00f3s-Gradua\u00e7\u00e3o em Comunica\u00e7\u00e3o da Universidade Federal do Paran\u00e1.<\/li>\n<\/ul>\n<p><strong>Local<\/strong><\/p>\n<p>Campus de Comunica\u00e7\u00e3o da Universidade Federal do Paran\u00e1<\/p>\n<p>Rua Bom Jesus, 650, Juvev\u00ea<\/p>\n","protected":false},"excerpt":{"rendered":"<p>No dia sete de dezembro, o NCEP promove o II Semin\u00e1rio de Comunica\u00e7\u00e3o Popular e Movimentos Sociais. O evento ser\u00e1 no pr\u00e9dio do Departamento de Comunica\u00e7\u00e3o Social, durante a tarde e a noite. Programa\u00e7\u00e3o 14h \u2013 16h: Bate-papo com Michele Torinelli, formada em Comunica\u00e7\u00e3o Social pela Universidade Federal do Paran\u00e1. Michele atua no projeto Comunica\u00e7\u00e3o [&hellip;]<\/p>\n","protected":false},"author":3,"featured_media":0,"comment_status":"open","ping_status":"open","sticky":false,"template":"","format":"standard","meta":{"footnotes":""},"categories":[6,4,18],"tags":[],"class_list":["post-780","post","type-post","status-publish","format-standard","hentry","category-comunicacao-popular","category-educomunicacao","category-ncep"],"_links":{"self":[{"href":"https:\/\/ncep.ufpr.br\/index.php?rest_route=\/wp\/v2\/posts\/780"}],"collection":[{"href":"https:\/\/ncep.ufpr.br\/index.php?rest_route=\/wp\/v2\/posts"}],"about":[{"href":"https:\/\/ncep.ufpr.br\/index.php?rest_route=\/wp\/v2\/types\/post"}],"author":[{"embeddable":true,"href":"https:\/\/ncep.ufpr.br\/index.php?rest_route=\/wp\/v2\/users\/3"}],"replies":[{"embeddable":true,"href":"https:\/\/ncep.ufpr.br\/index.php?rest_route=%2Fwp%2Fv2%2Fcomments&post=780"}],"version-history":[{"count":7,"href":"https:\/\/ncep.ufpr.br\/index.php?rest_route=\/wp\/v2\/posts\/780\/revisions"}],"predecessor-version":[{"id":783,"href":"https:\/\/ncep.ufpr.br\/index.php?rest_route=\/wp\/v2\/posts\/780\/revisions\/783"}],"wp:attachment":[{"href":"https:\/\/ncep.ufpr.br\/index.php?rest_route=%2Fwp%2Fv2%2Fmedia&parent=780"}],"wp:term":[{"taxonomy":"category","embeddable":true,"href":"https:\/\/ncep.ufpr.br\/index.php?rest_route=%2Fwp%2Fv2%2Fcategories&post=780"},{"taxonomy":"post_tag","embeddable":true,"href":"https:\/\/ncep.ufpr.br\/index.php?rest_route=%2Fwp%2Fv2%2Ftags&post=780"}],"curies":[{"name":"wp","href":"https:\/\/api.w.org\/{rel}","templated":true}]}}