{"id":726,"date":"2011-02-20T17:09:18","date_gmt":"2011-02-20T20:09:18","guid":{"rendered":"https:\/\/ncep.ufpr.br\/?p=726"},"modified":"2011-02-23T20:03:34","modified_gmt":"2011-02-23T23:03:34","slug":"terceira-edicao-de-a-laje","status":"publish","type":"post","link":"https:\/\/ncep.ufpr.br\/?p=726","title":{"rendered":"Terceira edi\u00e7\u00e3o de &#8220;A Laje&#8221;"},"content":{"rendered":"<p>\u00c9 hora de mais uma edi\u00e7\u00e3o do jornal do Movimento Nacional da Popula\u00e7\u00e3o de Rua, que o NCEP desenvolve em parceria com integrantes do MNPR.\u00a0Confira no link abaixo:<\/p>\n<p><a href=\"http:\/\/www.4shared.com\/document\/BcUeArdp\/A_Laje__Edio_03_corrigida.html\">http:\/\/www.4shared.com\/document\/BcUeArdp\/A_Laje__Edio_03_corrigida.html<\/a><\/p>\n","protected":false},"excerpt":{"rendered":"<p>\u00c9 hora de mais uma edi\u00e7\u00e3o do jornal do Movimento Nacional da Popula\u00e7\u00e3o de Rua, que o NCEP desenvolve em parceria com integrantes do MNPR.\u00a0Confira no link abaixo: http:\/\/www.4shared.com\/document\/BcUeArdp\/A_Laje__Edio_03_corrigida.html<\/p>\n","protected":false},"author":3,"featured_media":0,"comment_status":"open","ping_status":"open","sticky":false,"template":"","format":"standard","meta":{"footnotes":""},"categories":[6,15,18,9,12],"tags":[],"class_list":["post-726","post","type-post","status-publish","format-standard","hentry","category-comunicacao-popular","category-midia-alternativa","category-ncep","category-periodicos","category-publicacoes"],"_links":{"self":[{"href":"https:\/\/ncep.ufpr.br\/index.php?rest_route=\/wp\/v2\/posts\/726"}],"collection":[{"href":"https:\/\/ncep.ufpr.br\/index.php?rest_route=\/wp\/v2\/posts"}],"about":[{"href":"https:\/\/ncep.ufpr.br\/index.php?rest_route=\/wp\/v2\/types\/post"}],"author":[{"embeddable":true,"href":"https:\/\/ncep.ufpr.br\/index.php?rest_route=\/wp\/v2\/users\/3"}],"replies":[{"embeddable":true,"href":"https:\/\/ncep.ufpr.br\/index.php?rest_route=%2Fwp%2Fv2%2Fcomments&post=726"}],"version-history":[{"count":5,"href":"https:\/\/ncep.ufpr.br\/index.php?rest_route=\/wp\/v2\/posts\/726\/revisions"}],"predecessor-version":[{"id":735,"href":"https:\/\/ncep.ufpr.br\/index.php?rest_route=\/wp\/v2\/posts\/726\/revisions\/735"}],"wp:attachment":[{"href":"https:\/\/ncep.ufpr.br\/index.php?rest_route=%2Fwp%2Fv2%2Fmedia&parent=726"}],"wp:term":[{"taxonomy":"category","embeddable":true,"href":"https:\/\/ncep.ufpr.br\/index.php?rest_route=%2Fwp%2Fv2%2Fcategories&post=726"},{"taxonomy":"post_tag","embeddable":true,"href":"https:\/\/ncep.ufpr.br\/index.php?rest_route=%2Fwp%2Fv2%2Ftags&post=726"}],"curies":[{"name":"wp","href":"https:\/\/api.w.org\/{rel}","templated":true}]}}