{"id":660,"date":"2010-10-19T22:08:32","date_gmt":"2010-10-20T01:08:32","guid":{"rendered":"https:\/\/ncep.ufpr.br\/?p=660"},"modified":"2010-10-19T22:34:18","modified_gmt":"2010-10-20T01:34:18","slug":"9%c2%b0-enec-encontro-de-extensao-e-cultura-da-ufpr-2","status":"publish","type":"post","link":"https:\/\/ncep.ufpr.br\/?p=660","title":{"rendered":"9\u00b0 ENEC &#8211; Encontro de Extens\u00e3o e Cultura da UFPR"},"content":{"rendered":"<p style=\"text-align: justify;\">Uma das propostas do fanzine \u00e9 propiciar que a comunica\u00e7\u00e3o aconte\u00e7a de forma simples e acess\u00edvel. Pensando nisso, o NCEP realizou na tarde desta ter\u00e7a-feira, 19, uma oficina de fanzine como parte dos eventos do 9\u00b0 ENEC. Ministrada pelos integrantes Taiana, Anderson, Guilherme, Patr\u00edcia e Judy, a oficina contou com cinco alunos, que em parceria com os oficineiros, trabalharam em um fanzine sobre o fanzine. Foi legal ver estudantes de Enfermagem, Comunica\u00e7\u00e3o Institucional e at\u00e9 da UFPR-Litoral colocando a m\u00e3o na massa e se comunicando por meio do fanzine. Voc\u00ea confere o trabalho digitalizado amanh\u00e3 aqui no site do NCEP, al\u00e9m de mais fotos da oficina no Twitter do n\u00facleo: <a href=\"http:\/\/twitter.com\/#!\/ncep_ufpr\">http:\/\/twitter.com\/#!\/ncep_ufpr<\/a>.<\/p>\n<p style=\"text-align: center;\"><a href=\"https:\/\/ncep.ufpr.br\/wp-content\/uploads\/2010\/10\/oficina.jpg\"><img loading=\"lazy\" decoding=\"async\" class=\"aligncenter size-full wp-image-669\" title=\"oficina\" src=\"https:\/\/ncep.ufpr.br\/wp-content\/uploads\/2010\/10\/oficina.jpg\" alt=\"\" width=\"462\" height=\"346\" srcset=\"https:\/\/ncep.ufpr.br\/wp-content\/uploads\/2010\/10\/oficina.jpg 3296w, https:\/\/ncep.ufpr.br\/wp-content\/uploads\/2010\/10\/oficina-300x225.jpg 300w, https:\/\/ncep.ufpr.br\/wp-content\/uploads\/2010\/10\/oficina-1023x767.jpg 1023w\" sizes=\"(max-width: 462px) 100vw, 462px\" \/><\/a><\/p>\n<p style=\"text-align: justify;\">O NCEP agradece aos estudantes que realizaram nossa oficina e tamb\u00e9m \u00e0queles que visitaram o 9\u00b0 ENEC. At\u00e9 o ano que vem!<\/p>\n","protected":false},"excerpt":{"rendered":"<p>Uma das propostas do fanzine \u00e9 propiciar que a comunica\u00e7\u00e3o aconte\u00e7a de forma simples e acess\u00edvel. Pensando nisso, o NCEP realizou na tarde desta ter\u00e7a-feira, 19, uma oficina de fanzine como parte dos eventos do 9\u00b0 ENEC. Ministrada pelos integrantes Taiana, Anderson, Guilherme, Patr\u00edcia e Judy, a oficina contou com cinco alunos, que em parceria [&hellip;]<\/p>\n","protected":false},"author":3,"featured_media":0,"comment_status":"open","ping_status":"open","sticky":false,"template":"","format":"standard","meta":{"footnotes":""},"categories":[1],"tags":[],"class_list":["post-660","post","type-post","status-publish","format-standard","hentry","category-ufpr"],"_links":{"self":[{"href":"https:\/\/ncep.ufpr.br\/index.php?rest_route=\/wp\/v2\/posts\/660"}],"collection":[{"href":"https:\/\/ncep.ufpr.br\/index.php?rest_route=\/wp\/v2\/posts"}],"about":[{"href":"https:\/\/ncep.ufpr.br\/index.php?rest_route=\/wp\/v2\/types\/post"}],"author":[{"embeddable":true,"href":"https:\/\/ncep.ufpr.br\/index.php?rest_route=\/wp\/v2\/users\/3"}],"replies":[{"embeddable":true,"href":"https:\/\/ncep.ufpr.br\/index.php?rest_route=%2Fwp%2Fv2%2Fcomments&post=660"}],"version-history":[{"count":16,"href":"https:\/\/ncep.ufpr.br\/index.php?rest_route=\/wp\/v2\/posts\/660\/revisions"}],"predecessor-version":[{"id":677,"href":"https:\/\/ncep.ufpr.br\/index.php?rest_route=\/wp\/v2\/posts\/660\/revisions\/677"}],"wp:attachment":[{"href":"https:\/\/ncep.ufpr.br\/index.php?rest_route=%2Fwp%2Fv2%2Fmedia&parent=660"}],"wp:term":[{"taxonomy":"category","embeddable":true,"href":"https:\/\/ncep.ufpr.br\/index.php?rest_route=%2Fwp%2Fv2%2Fcategories&post=660"},{"taxonomy":"post_tag","embeddable":true,"href":"https:\/\/ncep.ufpr.br\/index.php?rest_route=%2Fwp%2Fv2%2Ftags&post=660"}],"curies":[{"name":"wp","href":"https:\/\/api.w.org\/{rel}","templated":true}]}}