{"id":649,"date":"2010-10-18T23:18:53","date_gmt":"2010-10-19T02:18:53","guid":{"rendered":"https:\/\/ncep.ufpr.br\/?p=649"},"modified":"2010-10-19T21:45:45","modified_gmt":"2010-10-20T00:45:45","slug":"9%c2%b0-enec-encontro-de-extensao-e-cultura-da-ufpr","status":"publish","type":"post","link":"https:\/\/ncep.ufpr.br\/?p=649","title":{"rendered":"9\u00b0 ENEC &#8211; Encontro de Extens\u00e3o e Cultura da UFPR"},"content":{"rendered":"<p style=\"text-align: justify;\">Nesta segunda-feira 18, os bolsistas do NCEP marcaram presen\u00e7a no 9\u00b0 Encontro de Extens\u00e3o e Cultura da UFPR. L\u00e1, eles foram avaliados quanto ao p\u00f4ster que apresenta informa\u00e7\u00f5es sobre o projeto, al\u00e9m de participarem de palestras que discutem os desafios da tr\u00edade alicerce da universidade: ensino, pesquisa e extens\u00e3o. E amanh\u00e3, ter\u00e7a 19, tem a oficina de fanzine que os integrantes do n\u00facleo ir\u00e3o ministrar. N\u00e3o perca os detalhes amanh\u00e3, aqui no site!<\/p>\n<p style=\"text-align: center;\"><a href=\"https:\/\/ncep.ufpr.br\/wp-content\/uploads\/2010\/10\/enec-certo.jpg\"><img loading=\"lazy\" decoding=\"async\" class=\"aligncenter size-full wp-image-657\" title=\"enec certo\" src=\"https:\/\/ncep.ufpr.br\/wp-content\/uploads\/2010\/10\/enec-certo.jpg\" alt=\"\" width=\"491\" height=\"369\" srcset=\"https:\/\/ncep.ufpr.br\/wp-content\/uploads\/2010\/10\/enec-certo.jpg 1024w, https:\/\/ncep.ufpr.br\/wp-content\/uploads\/2010\/10\/enec-certo-300x225.jpg 300w\" sizes=\"(max-width: 491px) 100vw, 491px\" \/><\/a><\/p>\n<p style=\"text-align: justify;\">Esquerda para direita: coordenador Toni, Nilton, Guilherme, Maria Eduarda, Felipe e Ol\u00edvia<\/p>\n","protected":false},"excerpt":{"rendered":"<p>Nesta segunda-feira 18, os bolsistas do NCEP marcaram presen\u00e7a no 9\u00b0 Encontro de Extens\u00e3o e Cultura da UFPR. L\u00e1, eles foram avaliados quanto ao p\u00f4ster que apresenta informa\u00e7\u00f5es sobre o projeto, al\u00e9m de participarem de palestras que discutem os desafios da tr\u00edade alicerce da universidade: ensino, pesquisa e extens\u00e3o. E amanh\u00e3, ter\u00e7a 19, tem a [&hellip;]<\/p>\n","protected":false},"author":3,"featured_media":0,"comment_status":"open","ping_status":"open","sticky":false,"template":"","format":"standard","meta":{"footnotes":""},"categories":[1],"tags":[],"class_list":["post-649","post","type-post","status-publish","format-standard","hentry","category-ufpr"],"_links":{"self":[{"href":"https:\/\/ncep.ufpr.br\/index.php?rest_route=\/wp\/v2\/posts\/649"}],"collection":[{"href":"https:\/\/ncep.ufpr.br\/index.php?rest_route=\/wp\/v2\/posts"}],"about":[{"href":"https:\/\/ncep.ufpr.br\/index.php?rest_route=\/wp\/v2\/types\/post"}],"author":[{"embeddable":true,"href":"https:\/\/ncep.ufpr.br\/index.php?rest_route=\/wp\/v2\/users\/3"}],"replies":[{"embeddable":true,"href":"https:\/\/ncep.ufpr.br\/index.php?rest_route=%2Fwp%2Fv2%2Fcomments&post=649"}],"version-history":[{"count":8,"href":"https:\/\/ncep.ufpr.br\/index.php?rest_route=\/wp\/v2\/posts\/649\/revisions"}],"predecessor-version":[{"id":658,"href":"https:\/\/ncep.ufpr.br\/index.php?rest_route=\/wp\/v2\/posts\/649\/revisions\/658"}],"wp:attachment":[{"href":"https:\/\/ncep.ufpr.br\/index.php?rest_route=%2Fwp%2Fv2%2Fmedia&parent=649"}],"wp:term":[{"taxonomy":"category","embeddable":true,"href":"https:\/\/ncep.ufpr.br\/index.php?rest_route=%2Fwp%2Fv2%2Fcategories&post=649"},{"taxonomy":"post_tag","embeddable":true,"href":"https:\/\/ncep.ufpr.br\/index.php?rest_route=%2Fwp%2Fv2%2Ftags&post=649"}],"curies":[{"name":"wp","href":"https:\/\/api.w.org\/{rel}","templated":true}]}}