{"id":602,"date":"2010-08-13T21:13:26","date_gmt":"2010-08-14T00:13:26","guid":{"rendered":"https:\/\/ncep.ufpr.br\/?p=602"},"modified":"2011-02-23T20:05:22","modified_gmt":"2011-02-23T23:05:22","slug":"ncep-organiza-seminario-de-comunicacao-comunitaria","status":"publish","type":"post","link":"https:\/\/ncep.ufpr.br\/?p=602","title":{"rendered":"NCEP organiza semin\u00e1rio de comunica\u00e7\u00e3o comunit\u00e1ria"},"content":{"rendered":"<p style=\"text-align: justify;\">Nos dias 17 e 18 de agosto, o NCEP apresenta o I Semin\u00e1rio de Comunica\u00e7\u00e3o e Educa\u00e7\u00e3o Popular: Comunica\u00e7\u00e3o Comunit\u00e1ria. A apresenta\u00e7\u00e3o \u00e9 baseada no livro\u00a0<em>Construyendo Comunidades: Reflexiones actuales sobre comunicaci\u00f3n comunitaria<\/em>, organizado pela Universidade de Entre R\u00edos, Argentina. No primeiro dia, os integrantes do NCEP exp\u00f5em os t\u00f3picos abordados pelo livro, discutindo problemas e solu\u00e7\u00f5es que a comunica\u00e7\u00e3o comunit\u00e1ria encontra no cotidiano. J\u00e1 no dia 18, uma mesa-redonda ir\u00e1 debater a rela\u00e7\u00e3o comunidade-universidade, e os desafios da comunica\u00e7\u00e3o nesse sentido. Os convidados s\u00e3o:<a href=\"https:\/\/ncep.ufpr.br\/wp-content\/uploads\/2010\/08\/cartaz-final1.jpg\"><img loading=\"lazy\" decoding=\"async\" class=\"alignright size-full wp-image-613\" title=\"cartaz final\" src=\"https:\/\/ncep.ufpr.br\/wp-content\/uploads\/2010\/08\/cartaz-final1.jpg\" alt=\"\" width=\"254\" height=\"358\" srcset=\"https:\/\/ncep.ufpr.br\/wp-content\/uploads\/2010\/08\/cartaz-final1.jpg 317w, https:\/\/ncep.ufpr.br\/wp-content\/uploads\/2010\/08\/cartaz-final1-212x300.jpg 212w\" sizes=\"(max-width: 254px) 100vw, 254px\" \/><\/a><\/p>\n<p style=\"text-align: justify;\">&#8211; Prof. \u00c9lson Faxina, da UFPR<\/p>\n<p style=\"text-align: justify;\">&#8211; Prof\u00aa Dr\u00aa Kelly Prud\u00eancio, da UFPR e vice-coordenadora do NCEP<\/p>\n<p style=\"text-align: justify;\">&#8211; Anderson Moreira, mestrando em Comunica\u00e7\u00e3o pela UFPR e um dos fundadores do NCEP<\/p>\n<p style=\"text-align: justify;\">&#8211; Rachel Bragatto, professora universit\u00e1ria e integrante do Coletivo Intervozes<\/p>\n<p style=\"text-align: justify;\">&#8211; Pedro Carrano, jornalista e correspondente do jornal &#8220;Brasil de Fato&#8221;<\/p>\n<p style=\"text-align: justify;\">Lembrando que o semin\u00e1rio acontece nos dias 17 e 18 de agosto, \u00e0s 19h, no audit\u00f3rio do Departamento de Comunica\u00e7\u00e3o da UFPR, localizado na Rua Bom Jesus, 650, bairro Juvev\u00ea.<\/p>\n<p style=\"text-align: justify;\">\n","protected":false},"excerpt":{"rendered":"<p>Nos dias 17 e 18 de agosto, o NCEP apresenta o I Semin\u00e1rio de Comunica\u00e7\u00e3o e Educa\u00e7\u00e3o Popular: Comunica\u00e7\u00e3o Comunit\u00e1ria. A apresenta\u00e7\u00e3o \u00e9 baseada no livro\u00a0Construyendo Comunidades: Reflexiones actuales sobre comunicaci\u00f3n comunitaria, organizado pela Universidade de Entre R\u00edos, Argentina. No primeiro dia, os integrantes do NCEP exp\u00f5em os t\u00f3picos abordados pelo livro, discutindo problemas e [&hellip;]<\/p>\n","protected":false},"author":3,"featured_media":0,"comment_status":"open","ping_status":"open","sticky":false,"template":"","format":"standard","meta":{"footnotes":""},"categories":[1],"tags":[],"class_list":["post-602","post","type-post","status-publish","format-standard","hentry","category-ufpr"],"_links":{"self":[{"href":"https:\/\/ncep.ufpr.br\/index.php?rest_route=\/wp\/v2\/posts\/602"}],"collection":[{"href":"https:\/\/ncep.ufpr.br\/index.php?rest_route=\/wp\/v2\/posts"}],"about":[{"href":"https:\/\/ncep.ufpr.br\/index.php?rest_route=\/wp\/v2\/types\/post"}],"author":[{"embeddable":true,"href":"https:\/\/ncep.ufpr.br\/index.php?rest_route=\/wp\/v2\/users\/3"}],"replies":[{"embeddable":true,"href":"https:\/\/ncep.ufpr.br\/index.php?rest_route=%2Fwp%2Fv2%2Fcomments&post=602"}],"version-history":[{"count":15,"href":"https:\/\/ncep.ufpr.br\/index.php?rest_route=\/wp\/v2\/posts\/602\/revisions"}],"predecessor-version":[{"id":740,"href":"https:\/\/ncep.ufpr.br\/index.php?rest_route=\/wp\/v2\/posts\/602\/revisions\/740"}],"wp:attachment":[{"href":"https:\/\/ncep.ufpr.br\/index.php?rest_route=%2Fwp%2Fv2%2Fmedia&parent=602"}],"wp:term":[{"taxonomy":"category","embeddable":true,"href":"https:\/\/ncep.ufpr.br\/index.php?rest_route=%2Fwp%2Fv2%2Fcategories&post=602"},{"taxonomy":"post_tag","embeddable":true,"href":"https:\/\/ncep.ufpr.br\/index.php?rest_route=%2Fwp%2Fv2%2Ftags&post=602"}],"curies":[{"name":"wp","href":"https:\/\/api.w.org\/{rel}","templated":true}]}}