{"id":2019,"date":"2012-11-09T20:09:03","date_gmt":"2012-11-09T23:09:03","guid":{"rendered":"https:\/\/ncep.ufpr.br\/?p=2019"},"modified":"2013-01-23T10:42:47","modified_gmt":"2013-01-23T13:42:47","slug":"iv-encontro-de-pesquisa-em-comunicacao-recebe-trabalhos-gratuitamente-ate-dia-14","status":"publish","type":"post","link":"https:\/\/ncep.ufpr.br\/?p=2019","title":{"rendered":"IV Encontro de Pesquisa em Comunica\u00e7\u00e3o recebe trabalhos gratuitamente at\u00e9 dia 14"},"content":{"rendered":"<p><a href=http:\/\/www.enpecom.ufpr.br\/ target=_blank><img decoding=\"async\" alt=\"\" src=\"http:\/\/testelaje.files.wordpress.com\/2012\/11\/enpecom.jpg\" class=\"alignleft\" width=20% height=20% \/><\/a><\/p>\n<div align=justify><P>Artigos cient\u00edficos podem ser inscritos no IV Encontro de Pesquisa em Comunica\u00e7\u00e3o at\u00e9 a pr\u00f3xima quarta-feira (14). No caso dos ouvintes, o prazo termina no dia 19. Organizado pela UFPR, o evento tem programadas mesas redondas, palestras e exposi\u00e7\u00f5es de grupos de trabalho (GTs), entre os quais haver\u00e1 estudos relacionando Comunica\u00e7\u00e3o, Cultura e Educa\u00e7\u00e3o. Profissionais, pesquisadores, alunos e professores est\u00e3o convidados, de 20 a 22 de novembro, a participar dessas atividades no SESC Pa\u00e7o da Liberdade. Para fazer inscri\u00e7\u00e3o gratuitamente, acesse este <a href=http:\/\/www.enpecom.ufpr.br\/ target=_blank>site<\/a>.<\/P><\/div>\n<div align=right><font size=1 color=#B8B8B8><em><strong>M\u00e1rio Teixeira<\/strong><\/em><\/font><\/div>\n","protected":false},"excerpt":{"rendered":"<p>Artigos cient\u00edficos podem ser inscritos no IV Encontro de Pesquisa em Comunica\u00e7\u00e3o at\u00e9 a pr\u00f3xima quarta-feira (14). No caso dos ouvintes, o prazo termina no dia 19. Organizado pela UFPR, o evento tem programadas mesas redondas, palestras e exposi\u00e7\u00f5es de grupos de trabalho (GTs), entre os quais haver\u00e1 estudos relacionando Comunica\u00e7\u00e3o, Cultura e Educa\u00e7\u00e3o. Profissionais, [&hellip;]<\/p>\n","protected":false},"author":3,"featured_media":0,"comment_status":"open","ping_status":"open","sticky":false,"template":"","format":"standard","meta":{"footnotes":""},"categories":[1],"tags":[48,39,22,87],"class_list":["post-2019","post","type-post","status-publish","format-standard","hentry","category-ufpr","tag-encontro","tag-gratuito","tag-inscricao","tag-sesc-pr"],"_links":{"self":[{"href":"https:\/\/ncep.ufpr.br\/index.php?rest_route=\/wp\/v2\/posts\/2019"}],"collection":[{"href":"https:\/\/ncep.ufpr.br\/index.php?rest_route=\/wp\/v2\/posts"}],"about":[{"href":"https:\/\/ncep.ufpr.br\/index.php?rest_route=\/wp\/v2\/types\/post"}],"author":[{"embeddable":true,"href":"https:\/\/ncep.ufpr.br\/index.php?rest_route=\/wp\/v2\/users\/3"}],"replies":[{"embeddable":true,"href":"https:\/\/ncep.ufpr.br\/index.php?rest_route=%2Fwp%2Fv2%2Fcomments&post=2019"}],"version-history":[{"count":13,"href":"https:\/\/ncep.ufpr.br\/index.php?rest_route=\/wp\/v2\/posts\/2019\/revisions"}],"predecessor-version":[{"id":2099,"href":"https:\/\/ncep.ufpr.br\/index.php?rest_route=\/wp\/v2\/posts\/2019\/revisions\/2099"}],"wp:attachment":[{"href":"https:\/\/ncep.ufpr.br\/index.php?rest_route=%2Fwp%2Fv2%2Fmedia&parent=2019"}],"wp:term":[{"taxonomy":"category","embeddable":true,"href":"https:\/\/ncep.ufpr.br\/index.php?rest_route=%2Fwp%2Fv2%2Fcategories&post=2019"},{"taxonomy":"post_tag","embeddable":true,"href":"https:\/\/ncep.ufpr.br\/index.php?rest_route=%2Fwp%2Fv2%2Ftags&post=2019"}],"curies":[{"name":"wp","href":"https:\/\/api.w.org\/{rel}","templated":true}]}}